{"id":3242,"date":"2023-07-04T00:32:23","date_gmt":"2023-07-04T03:32:23","guid":{"rendered":"https:\/\/bmxsanjuan.com.ar\/wordpress\/?p=3242"},"modified":"2023-07-04T00:32:26","modified_gmt":"2023-07-04T03:32:26","slug":"campeonato-argentino-de-bmx-2023-y-open-de-pilotos-de-la-republica-argentina-3ra-fecha-cordoba-los-readers-sanjuaninos-en-lo-mas-alto-del-bicicross","status":"publish","type":"post","link":"https:\/\/bmxsanjuan.com.ar\/wordpress\/campeonato-argentino-de-bmx-2023-y-open-de-pilotos-de-la-republica-argentina-3ra-fecha-cordoba-los-readers-sanjuaninos-en-lo-mas-alto-del-bicicross\/","title":{"rendered":"CAMPEONATO ARGENTINO DE BMX 2023 Y OPEN DE PILOTOS DE LA REPUBLICA ARGENTINA \u2013 3ra FECHA \u2013 CORDOBA \u2013 LOS READERS SANJUANINOS EN LO M\u00c1S ALTO DEL BICICROSS."},"content":{"rendered":"\n<p class=\"has-text-align-justify has-vivid-red-color has-text-color has-large-font-size\"><\/p>\n\n\n\n<figure class=\"wp-block-image size-full\"><img decoding=\"async\" loading=\"lazy\" width=\"789\" height=\"583\" src=\"https:\/\/bmxsanjuan.com.ar\/wordpress\/wp-content\/uploads\/2023\/07\/FICHE-F4.jpg\" alt=\"\" class=\"wp-image-3244\" srcset=\"https:\/\/bmxsanjuan.com.ar\/wordpress\/wp-content\/uploads\/2023\/07\/FICHE-F4.jpg 789w, https:\/\/bmxsanjuan.com.ar\/wordpress\/wp-content\/uploads\/2023\/07\/FICHE-F4-300x222.jpg 300w, https:\/\/bmxsanjuan.com.ar\/wordpress\/wp-content\/uploads\/2023\/07\/FICHE-F4-768x567.jpg 768w\" sizes=\"(max-width: 789px) 100vw, 789px\" \/><\/figure>\n\n\n\n<p><\/p>\n\n\n\n<p><\/p>\n\n\n\n<p>Gran actuaci\u00f3n de los pilotos sanjuaninos que representaron al Club Bicicross San Juan y a nuestra provincia, en la tercera fecha del Campeonato Argentina de BMX y Open de Pilotos de la Rep\u00fablica Argentina 2023, que se disputo entre los d\u00edas 1 y 2 de julio, en la pista de Bicicross del parque General San Martin dela ciudad de C\u00f3rdoba.<br>M\u00e1s de 50 deportistas estuvieron presentes en el gran evento fiscalizado por la FAB (Federaci\u00f3n Argentina de BMX).<br>El pr\u00f3ximo compromiso corresponde a la fecha 4, que tendr\u00e1 lugar en la ciudad de La Rioja entre los d\u00edas 26 y 27 de agosto pr\u00f3ximo.<br>\u00a1\u00a1FELICITACIONES PARA NUESTROS CAMPEONES\u00a1\u00a1<\/p>\n\n\n\n<p>Posiciones de pilotos sanjuaninos por categor\u00edas<\/p>\n\n\n\n<p><strong>Camicletas:<\/strong><br>1 &#8211; Federico Recabarren<\/p>\n\n\n\n<p><strong>Escuela 5 a\u00f1os<\/strong>:<br>3 &#8211; M\u00e1ximo Mar\u00edn<\/p>\n\n\n\n<p><strong>Crucero principiante:<\/strong><br>1 &#8211; jonathan Tello<\/p>\n\n\n\n<p><strong>Crucero 25 a 34 a\u00f1os:<\/strong><br>3 &#8211; Jonatan Ag\u00fcero<\/p>\n\n\n\n<p><strong>Crucero 35 a 44 a\u00f1os:<\/strong><br>5 &#8211; Lucas Torres<\/p>\n\n\n\n<p><strong>Novicios 6 a\u00f1os:<\/strong><br>1 &#8211; Tiziano Frack<\/p>\n\n\n\n<p><strong>Novicios 7 a\u00f1os:<\/strong><br>4 &#8211; Mat\u00edas Leiva<br>5 &#8211; Mat\u00edas Leiva<\/p>\n\n\n\n<p><strong>Novicios 8 a\u00f1os<\/strong>:<br>7 &#8211; Mariano Pereira<\/p>\n\n\n\n<p><strong>Novicios 10 a\u00f1os:<\/strong><br>4 &#8211; Ciro Mora<br>8 &#8211; Amir Tello<\/p>\n\n\n\n<p><strong>Novicios 11 a\u00f1os:<\/strong><br>6 &#8211; Felipe Parra<br>7 &#8211; Santiago Lescura.<\/p>\n\n\n\n<p><strong>Novicios 12 a\u00f1os:<\/strong><br>2 &#8211; Bautista Quiroga<br>5 &#8211; Emilio Pereyra<\/p>\n\n\n\n<p><strong>Novicios 13 a\u00f1os:<\/strong><br>1 &#8211; Lautaro Pereira<br>5 &#8211; Branko Pereyra<\/p>\n\n\n\n<p><strong>Novicios 16 a\u00f1os:<\/strong><br>2 &#8211; Juan Cruz Fern\u00e1ndez<br>4 &#8211; Joaqu\u00edn Lozano<\/p>\n\n\n\n<p><strong>Novicios 17 o m\u00e1s a\u00f1os:<\/strong><br>3 &#8211; Alejo Mart\u00edn<br>4 &#8211; Maximiliano Naranjo<\/p>\n\n\n\n<p><strong>Damas 9 y 10 a\u00f1os:<\/strong><br>3 &#8211; Umma Dist\u00e9fano<\/p>\n\n\n\n<p><strong>Damas 11 y 12 a\u00f1os:<\/strong><br>7 &#8211; Luc\u00eda Lozano<\/p>\n\n\n\n<p><strong>Damas 13 y 14 a\u00f1os:<\/strong><br>3 &#8211; Lola Gonz\u00e1lez<\/p>\n\n\n\n<p><strong>Expertos 7 a\u00f1os:<\/strong><br>2 &#8211; Juan Cruz Frack<\/p>\n\n\n\n<p><strong>Expertos 8 a\u00f1os:<\/strong><br>3 &#8211; Francisca Rubia<\/p>\n\n\n\n<p><strong>Expertos 10 a\u00f1os:<\/strong><br>6 &#8211; Bautista Solera<\/p>\n\n\n\n<p><strong>Expertos 12 a\u00f1os:<\/strong><br>7 &#8211; Jerem\u00edas Ya\u00f1ez<\/p>\n\n\n\n<p><strong>Expertos 13 a\u00f1os:<\/strong><br>5 &#8211; Marcos Frack<\/p>\n\n\n\n<p><strong>Expertos 16 a\u00f1os:<\/strong><br>8 &#8211; Elio Gonz\u00e1lez<\/p>\n\n\n\n<p><strong>Expertos 17 a 24 a\u00f1os:<\/strong><br>2 &#8211; Federico Gallardo<\/p>\n\n\n\n<p><strong>Expertos 25 a 34 a\u00f1os:<\/strong><br>1 &#8211; Tom\u00e1s R\u00edos,<br>4 &#8211; Francisco S\u00e1nchez<br>6 &#8211; Juan Manuel Solera<\/p>\n\n\n\n<p><strong>Expertos 35 o m\u00e1s a\u00f1os:<\/strong><br>2 &#8211; Gast\u00f3n Frack<\/p>\n\n\n\n<p class=\"has-vivid-red-color has-text-color\"><strong>Junior Men:<\/strong><br>5 &#8211; Gerardo G\u00f3mez<\/p>\n\n\n\n<p><strong>SUB-23 y Elite Men<\/strong>:<br>3 &#8211; Gonzalo Molina<br>5 &#8211; Franco Molina.<\/p>\n","protected":false},"excerpt":{"rendered":"<p>Gran actuaci\u00f3n de los pilotos sanjuaninos que representaron al Club Bicicross San Juan y a nuestra provincia, en la tercera fecha del Campeonato Argentina de BMX y Open de Pilotos de la Rep\u00fablica Argentina 2023, que se disputo entre los &hellip; <a href=\"https:\/\/bmxsanjuan.com.ar\/wordpress\/campeonato-argentino-de-bmx-2023-y-open-de-pilotos-de-la-republica-argentina-3ra-fecha-cordoba-los-readers-sanjuaninos-en-lo-mas-alto-del-bicicross\/\">Continuar<\/a><\/p>\n","protected":false},"author":1,"featured_media":3244,"comment_status":"closed","ping_status":"open","sticky":false,"template":"","format":"standard","meta":{"jetpack_post_was_ever_published":false,"jetpack_publicize_message":"","jetpack_is_tweetstorm":false,"jetpack_publicize_feature_enabled":true,"jetpack_social_post_already_shared":true,"jetpack_social_options":{"image_generator_settings":{"template":"highway","enabled":false}}},"categories":[15,40,1],"tags":[209,185],"jetpack_publicize_connections":[],"jetpack_featured_media_url":"https:\/\/bmxsanjuan.com.ar\/wordpress\/wp-content\/uploads\/2023\/07\/FICHE-F4.jpg","jetpack_sharing_enabled":true,"jetpack_shortlink":"https:\/\/wp.me\/p7EmwP-Qi","_links":{"self":[{"href":"https:\/\/bmxsanjuan.com.ar\/wordpress\/wp-json\/wp\/v2\/posts\/3242"}],"collection":[{"href":"https:\/\/bmxsanjuan.com.ar\/wordpress\/wp-json\/wp\/v2\/posts"}],"about":[{"href":"https:\/\/bmxsanjuan.com.ar\/wordpress\/wp-json\/wp\/v2\/types\/post"}],"author":[{"embeddable":true,"href":"https:\/\/bmxsanjuan.com.ar\/wordpress\/wp-json\/wp\/v2\/users\/1"}],"replies":[{"embeddable":true,"href":"https:\/\/bmxsanjuan.com.ar\/wordpress\/wp-json\/wp\/v2\/comments?post=3242"}],"version-history":[{"count":2,"href":"https:\/\/bmxsanjuan.com.ar\/wordpress\/wp-json\/wp\/v2\/posts\/3242\/revisions"}],"predecessor-version":[{"id":3245,"href":"https:\/\/bmxsanjuan.com.ar\/wordpress\/wp-json\/wp\/v2\/posts\/3242\/revisions\/3245"}],"wp:featuredmedia":[{"embeddable":true,"href":"https:\/\/bmxsanjuan.com.ar\/wordpress\/wp-json\/wp\/v2\/media\/3244"}],"wp:attachment":[{"href":"https:\/\/bmxsanjuan.com.ar\/wordpress\/wp-json\/wp\/v2\/media?parent=3242"}],"wp:term":[{"taxonomy":"category","embeddable":true,"href":"https:\/\/bmxsanjuan.com.ar\/wordpress\/wp-json\/wp\/v2\/categories?post=3242"},{"taxonomy":"post_tag","embeddable":true,"href":"https:\/\/bmxsanjuan.com.ar\/wordpress\/wp-json\/wp\/v2\/tags?post=3242"}],"curies":[{"name":"wp","href":"https:\/\/api.w.org\/{rel}","templated":true}]}}